{"id":7698,"date":"2025-07-27T14:48:53","date_gmt":"2025-07-27T12:48:53","guid":{"rendered":"https:\/\/jardingue.org\/blog\/?p=7698"},"modified":"2025-07-27T14:48:53","modified_gmt":"2025-07-27T12:48:53","slug":"meilleures-inspirations-pour-la-decoration-de-votre-jardin","status":"publish","type":"post","link":"https:\/\/jardingue.org\/blog\/a-la-une\/meilleures-inspirations-pour-la-decoration-de-votre-jardin\/","title":{"rendered":"Meilleures inspirations pour la d\u00e9coration de votre jardin"},"content":{"rendered":"<p>Aujourd\u2019hui plus que jamais, nous avons l\u2019opportunit\u00e9 de transformer nos ext\u00e9rieurs en v\u00e9ritables refuges adapt\u00e9s \u00e0 toutes nos envies : nature sauvage, ambiance design, ou tonalit\u00e9s chaleureuses. \u00c0 travers ce guide professionnel, nous vous proposons un panorama complet d\u2019<strong>inspirations d\u00e9coration jardin<\/strong>, des tendances jusqu\u2019aux astuces DIY, pour sublimer chaque recoin de votre ext\u00e9rieur, quelle que soit sa superficie ou votre budget.<\/p>\n<h2>Les tendances phares pour sublimer son espace ext\u00e9rieur<\/h2>\n<p>En 2025, la <strong>d\u00e9coration jardin<\/strong> s\u2019inscrit dans une dynamique de bien-\u00eatre et d\u2019\u00e9cologie, o\u00f9 l\u2019esth\u00e9tique rencontre la praticit\u00e9. Nous observons une mont\u00e9e des mat\u00e9riaux naturels tels que le <u>rotin<\/u> ou le <u>bois brut<\/u>, favorisant une atmosph\u00e8re apaisante et authentique.<br \/>\nLes couleurs tendances oscillent entre des <strong>tons verts doux<\/strong>, id\u00e9als pour la z\u00e9nitude, des <u>jaunes solaires<\/u> pour dynamiser l\u2019espace, et des accents pastel tels que le <strong>corail<\/strong> ou le <strong>cobalt blue<\/strong> pour une touche de fra\u00eecheur estivale. L\u2019inspiration \u00ab <strong>jardin sauvage<\/strong> \u00bb conna\u00eet un fort engouement ; elle valorise les plantations spontan\u00e9es et une organisation plus organique, permettant de limiter l\u2019entretien et d\u2019encourager la biodiversit\u00e9.<\/p>\n<ul>\n<li><strong>Jardin contemporain<\/strong> : lignes \u00e9pur\u00e9es, mobilier design, sobri\u00e9t\u00e9.<\/li>\n<li><strong>Ambiance champ\u00eatre<\/strong> : accessoires vintage, fleurs sauvages, bois naturel.<\/li>\n<li><strong>Style m\u00e9diterran\u00e9en<\/strong> : couleurs chaudes, mat\u00e9riaux r\u00e9sistants \u00e0 la s\u00e9cheresse, v\u00e9g\u00e9tation adapt\u00e9e.<\/li>\n<li><strong>Minimalisme scandinave<\/strong> : palettes neutres, fonctionnalit\u00e9, convivialit\u00e9.<\/li>\n<\/ul>\n<p>Ces courants permettent de personnaliser chaque <u>espace ext\u00e9rieur<\/u> tout en suivant les grandes directions d\u00e9coratives actuelles. Pour trouver des \u00e9l\u00e9ments embl\u00e9matiques adapt\u00e9s \u00e0 chaque tendance, consultez une <a href=\"https:\/\/decorationsjardins.fr\/\" target=\"_blank\" rel=\"noopener\">decoration pour jardin<\/a> diversifi\u00e9e et inspirante.<\/p>\n<h2>Cr\u00e9er une atmosph\u00e8re chaleureuse gr\u00e2ce \u00e0 l\u2019\u00e9clairage<\/h2>\n<p>L\u2019<strong>\u00e9clairage ext\u00e9rieur jardin<\/strong> s\u2019impose comme l\u2019un des plus puissants leviers pour sublimer une zone de vie et prolonger les soir\u00e9es estivales. Nous privil\u00e9gions des dispositifs modulables, qui s\u2019adaptent \u00e0 la singularit\u00e9 de chaque espace : guirlandes \u00e0 LED, <u>lanternes solaires<\/u> suspendues, <strong>projecteurs encastr\u00e9s<\/strong> pour valoriser des massifs ou des points forts du d\u00e9cor.<br \/>\nLe <strong>n\u00e9onflex<\/strong>, innovation 2025, offre un effet lumineux continu tr\u00e8s esth\u00e9tique, id\u00e9al pour souligner une all\u00e9e ou dessiner des formes douces autour d\u2019un espace repas. Multipli\u00e9s, ces \u00e9clairages cr\u00e9ent une enveloppe rassurante tout en favorisant la convivialit\u00e9.<\/p>\n<ul>\n<li>Guirlandes festives pour un <u>esprit guinguette<\/u><\/li>\n<li>Rubans LED souples pour \u00e9pouser les contours des terrasses<\/li>\n<li>Spots encastrables pour mettre en valeur un arbre ou un bassin<\/li>\n<li>Lanternes portables, d\u00e9pla\u00e7ables selon les besoins<\/li>\n<\/ul>\n<p>Associez diff\u00e9rents types de lumi\u00e8re (<strong>directe<\/strong> et tamis\u00e9e) pour composer des zones de vie distinctes et valoriser chaque recoin, qu\u2019il s\u2019agisse d\u2019un espace d\u00e9tente ou d\u2019un coin repas en ext\u00e9rieur.<\/p>\n<h2>Les jeux de couleurs pour dynamiser l\u2019environnement<\/h2>\n<p>R\u00e9ussir la <strong>d\u00e9coration de votre jardin<\/strong>, c\u2019est aussi oser les associations chromatiques : elles insufflent \u00e9nergie, \u00e9l\u00e9gance ou douceur selon l\u2019ambiance recherch\u00e9e. Nous recommandons des <u>couleurs pastel<\/u> pour une atmosph\u00e8re apaisante, des <strong>couleurs vives<\/strong> pour cr\u00e9er des points focaux, ou encore des palettes de neutres pour agrandir visuellement l\u2019espace.<\/p>\n<table style=\"border-collapse: collapse; margin-top: 16px; margin-bottom: 16px;\" border=\"1\" cellpadding=\"8\">\n<tbody>\n<tr>\n<th>Style de jardin<\/th>\n<th>Palette de couleurs<\/th>\n<th>Objets recommand\u00e9s<\/th>\n<\/tr>\n<tr>\n<td>Contemporain<\/td>\n<td>Blanc, gris anthracite, noir, vert mousse<\/td>\n<td>Coussins graphiques, mobilier minimaliste<\/td>\n<\/tr>\n<tr>\n<td>M\u00e9diterran\u00e9en<\/td>\n<td>Bleu lavande, terracotta, jaune soleil<\/td>\n<td>Vases en c\u00e9ramique, tapis \u00e0 motifs g\u00e9om\u00e9triques<\/td>\n<\/tr>\n<tr>\n<td>Champ\u00eatre<\/td>\n<td>Vert tendre, rose pastel, beige naturel<\/td>\n<td>Objets vintage, fauteuils en rotin, lanternes d\u2019inspiration boh\u00e8me<\/td>\n<\/tr>\n<\/tbody>\n<\/table>\n<p>N\u2019h\u00e9sitez pas \u00e0 mixer <strong>mobilier color\u00e9<\/strong>, textiles aux imprim\u00e9s dynamiques et objets d\u00e9coratifs pour rythmer la composition globale. Les cousins, tapis et accessoires ajustent l\u2019ambiance au gr\u00e9 de vos envies et des saisons.<\/p>\n<h2>Objets et textiles : l\u2019art du d\u00e9tail d\u00e9coratif<\/h2>\n<p>Les <strong>\u00e9l\u00e9ments d\u00e9coratifs jardin<\/strong> constituent l\u2019\u00e2me de l\u2019am\u00e9nagement. S\u00e9lectionnez-les avec soin pour refl\u00e9ter votre personnalit\u00e9 tout en maximisant le <u>confort<\/u> de vos espaces de vie ext\u00e9rieurs : <strong>tapis d\u2019ext\u00e9rieur<\/strong> pour structurer, coussins g\u00e9n\u00e9reux pour la douceur, plaids pour les soir\u00e9es fra\u00eeches, vases sculpturaux pour l\u2019\u00e9l\u00e9gance.<\/p>\n<ul>\n<li>Miroirs d\u2019ext\u00e9rieur pour agrandir visuellement un coin exigu<\/li>\n<li>Objets d\u00e9co en m\u00e9tal patin\u00e9 ou c\u00e9ramique \u00e9maill\u00e9e<\/li>\n<li>Suspensions textiles ou macram\u00e9<\/li>\n<li>Statues et sculptures modernes pour apporter une touche artistique<\/li>\n<li>Jardini\u00e8res multiformes pour moduler les plantations<\/li>\n<\/ul>\n<p>En 2025, la tendance est \u00e0 l\u2019accumulation ma\u00eetris\u00e9e : n\u2019h\u00e9sitez pas \u00e0 superposer plusieurs tapis ou \u00e0 mixer coussins unis et imprim\u00e9s. Ces \u00e9l\u00e9ments transforment radicalement l\u2019ambiance, tout en conservant une coh\u00e9rence esth\u00e9tique. Nous conseillons de privil\u00e9gier des objets r\u00e9sistants aux UV et aux intemp\u00e9ries pour garantir la durabilit\u00e9 de votre d\u00e9coration.<\/p>\n<h2>Mat\u00e9riaux naturels et touches v\u00e9g\u00e9tales<\/h2>\n<p>L\u2019authenticit\u00e9 s\u2019exprime \u00e0 travers le choix des <strong>mat\u00e9riaux naturels<\/strong> et l\u2019int\u00e9gration subtile de plantes. Nous mettons en avant le <u>rotin<\/u>, le <u>bois non trait\u00e9<\/u>, la <strong>c\u00e9ramique artisanale<\/strong> et la pierre pour une esth\u00e9tique coh\u00e9rente, \u00e9cologique et sensorielle.<br \/>\nLe recours aux <u>jardini\u00e8res cr\u00e9atives<\/u>, aux <strong>murs v\u00e9g\u00e9taux<\/strong> et aux cl\u00f4tures fleuries permet de structurer l\u2019espace et d\u2019instaurer diff\u00e9rentes ambiances : cocon intime, zone potag\u00e8re ou all\u00e9e florale.<\/p>\n<ul>\n<li>Installer des <strong>haies naturelles<\/strong> pour plus d\u2019intimit\u00e9<\/li>\n<li>Miser sur des <u>cl\u00f4tures en bois ajour\u00e9<\/u> associ\u00e9es \u00e0 des plantes grimpantes<\/li>\n<li>Cr\u00e9er des <strong>jardins verticaux<\/strong> pour optimiser l\u2019espace, notamment en ville<\/li>\n<li>Utiliser des pierres naturelles pour border les massifs ou souligner un chemin<\/li>\n<\/ul>\n<p>Cette alliance contribue \u00e0 purifier l\u2019air, r\u00e9duire la chaleur en \u00e9t\u00e9 et d\u00e9velopper la biodiversit\u00e9 locale. Privil\u00e9giez des essences r\u00e9sistantes \u00e0 la s\u00e9cheresse pour un <strong>jardin harmonieux toute l\u2019ann\u00e9e<\/strong>.<\/p>\n<h2>Recycler, d\u00e9tourner, personnaliser<\/h2>\n<p>La qu\u00eate d\u2019<strong>authenticit\u00e9<\/strong> et d\u2019<strong>\u00e9coresponsabilit\u00e9<\/strong> renforce la tendance du DIY au jardin. Palettes, cagettes, terres cuites r\u00e9cup\u00e9r\u00e9es, tout devient support cr\u00e9atif : il suffit d\u2019un peu d\u2019imagination pour transformer l\u2019ordinaire en pi\u00e8ce ma\u00eetresse originale !<\/p>\n<ul>\n<li>Fabriquer des <u>bacs potagers sur\u00e9lev\u00e9s<\/u> \u00e0 partir de palettes recycl\u00e9es<\/li>\n<li>D\u00e9tourner d\u2019anciennes \u00e9chelles en \u00e9tag\u00e8res \u00e0 plantes<\/li>\n<li>Cr\u00e9er une banquette avec des parpaings et quelques coussins \u00e9pais<\/li>\n<li>Peindre et customiser des pots en terre cuite pour dynamiser les bordures<\/li>\n<\/ul>\n<p>Cette approche favorise des <strong>d\u00e9corations uniques<\/strong> pour tous les budgets, tout en minimisant l\u2019impact environnemental. Nous vous recommandons d\u2019associer ces cr\u00e9ations \u00e0 des accessoires plus sophistiqu\u00e9s pour composer un <u>ensemble coh\u00e9rent et tr\u00e8s actuel<\/u>.<\/p>\n<h2>L\u2019art de mettre en sc\u00e8ne l\u2019espace<\/h2>\n<p>Pour r\u00e9ussir la <strong>d\u00e9coration jardin<\/strong>, il est essentiel de penser la structuration et l\u2019organisation. Nous conseillons de d\u00e9limiter des zones de vie distinctes, en jouant sur la disposition du mobilier, des paravents v\u00e9g\u00e9taux, des all\u00e9es ou des pergolas. Cela valorise les fonctions de chaque coin tout en rendant l\u2019ensemble plus spacieux et harmonieux.<\/p>\n<ul>\n<li><strong>Cuisine d\u2019\u00e9t\u00e9 ou coin repas<\/strong> \u00e0 proximit\u00e9 de la maison, prot\u00e9g\u00e9 par une toile d\u2019ombrage<\/li>\n<li><strong>Espace d\u00e9tente<\/strong> avec transats, poufs et tapis moelleux dans un coin plus intime du jardin<\/li>\n<li>Aire de jeux d\u00e9limit\u00e9e par un sol souple ou des bordures color\u00e9es pour enfants<\/li>\n<li>Coin potager structur\u00e9 en carr\u00e9s sur\u00e9lev\u00e9s pour allier esth\u00e9tique et praticit\u00e9<\/li>\n<\/ul>\n<p>Utilisez des passages visuels d\u00e9gag\u00e9s (<u>all\u00e9es en gravier, bois ou dalles<\/u>) pour relier ces modules ; pensez \u00e0 int\u00e9grer des miroirs ou choisir des couleurs claires afin d\u2019agrandir l\u2019espace. Des solutions comme les jardini\u00e8res modulaires ou le mobilier multifonction maximisent l\u2019usage d\u2019un petit <strong>espace ext\u00e9rieur<\/strong>.<\/p>\n<h2>Se laisser inspirer par la nature et les saisons<\/h2>\n<p>Enfin, la <strong>nature<\/strong> et les cycles saisonniers offrent une source d\u2019<strong>inspiration d\u00e9coration jardin<\/strong> in\u00e9puisable. Nous vous invitons \u00e0 renouveler r\u00e9guli\u00e8rement votre agencement gr\u00e2ce \u00e0 des accessoires modulables : coussins aux imprim\u00e9s floraux au printemps, guirlandes lumineuses en automne, plaids douillets pour l\u2019hiver, pots color\u00e9s en \u00e9t\u00e9.<\/p>\n<ul>\n<li>Favoriser les v\u00e9g\u00e9taux \u00e0 feuillage persistant pour un <u>jardin fleuri toute l\u2019ann\u00e9e<\/u><\/li>\n<li>Composer vos parterres selon les p\u00e9riodes de floraison<\/li>\n<li>Varier les parfums et les couleurs pour stimuler les sens \u00e0 chaque saison<\/li>\n<li>\u00c9voluer vers une <strong>d\u00e9coration flexible<\/strong> : mobiliers pliants, accessoires faciles \u00e0 d\u00e9placer<\/li>\n<\/ul>\n<p>Changer l\u2019ambiance de son <strong>espace de d\u00e9tente jardin<\/strong> au fil des saisons dynamise l\u2019ensemble et permet de r\u00e9pondre \u00e0 chaque usage (ap\u00e9ritif entre amis, jeux pour enfants, jardin d\u2019hiver). Pour des id\u00e9es visuelles et des inspirations par saison, explorez des galeries sp\u00e9cialis\u00e9es ou joignez-vous \u00e0 une communaut\u00e9 passionn\u00e9e.<\/p>\n<h2>Conclusion<\/h2>\n<p>Prendre soin de la <strong>d\u00e9coration de votre jardin<\/strong>, c\u2019est investir dans la qualit\u00e9 de vie, le bien-\u00eatre et la mise en valeur de votre propri\u00e9t\u00e9. Gr\u00e2ce aux tendances 2025, \u00e0 la diversit\u00e9 des styles, au choix de mat\u00e9riaux durables et \u00e0 l\u2019int\u00e9gration d\u2019objets personnalis\u00e9s ou recycl\u00e9s, chaque jardin devient une cr\u00e9ation unique et vivante.<br \/>\nNous vous encourageons \u00e0 exp\u00e9rimenter, \u00e0 partager vos id\u00e9es et \u00e0 explorer les ressources en ligne pour encore plus d\u2019<strong>inspirations d\u00e9coration jardin<\/strong>. Pour compl\u00e9ter votre am\u00e9nagement ou trouver des objets originaux, n\u2019h\u00e9sitez pas \u00e0 consulter une s\u00e9lection de <a href=\"https:\/\/decorationsjardins.fr\/\" target=\"_blank\" rel=\"noopener\">decoration pour jardin<\/a> pens\u00e9e pour toutes vos envies. \u00c0 vous de jouer pour imaginer le jardin id\u00e9al qui vous ressemble et \u00e9volue avec les saisons.<\/p>\n","protected":false},"excerpt":{"rendered":"","protected":false},"author":34,"featured_media":7700,"comment_status":"open","ping_status":"open","sticky":false,"template":"","format":"standard","meta":{"_acf_changed":false,"manual_indexmenow":false,"indexmenow_id_project":0,"footnotes":""},"categories":[1],"tags":[],"class_list":["post-7698","post","type-post","status-publish","format-standard","has-post-thumbnail","hentry","category-a-la-une","generate-columns","tablet-grid-50","mobile-grid-100","grid-parent","grid-25"],"acf":[],"yoast_head":"<!-- This site is optimized with the Yoast SEO Premium plugin v21.3 (Yoast SEO v25.6) - https:\/\/yoast.com\/wordpress\/plugins\/seo\/ -->\n<title>Meilleures inspirations pour la d\u00e9coration de votre jardin<\/title>\n<meta name=\"description\" content=\"Nos meilleures inspirations pour la d\u00e9coration de votre jardin : id\u00e9es, styles et astuces pour cr\u00e9er un ext\u00e9rieur unique et accueillant.\" \/>\n<meta name=\"robots\" content=\"index, follow, max-snippet:-1, max-image-preview:large, max-video-preview:-1\" \/>\n<link rel=\"canonical\" href=\"https:\/\/jardingue.org\/blog\/a-la-une\/meilleures-inspirations-pour-la-decoration-de-votre-jardin\/\" \/>\n<meta property=\"og:locale\" content=\"fr_FR\" \/>\n<meta property=\"og:type\" content=\"article\" \/>\n<meta property=\"og:title\" content=\"Meilleures inspirations pour la d\u00e9coration de votre jardin\" \/>\n<meta property=\"og:description\" content=\"Nos meilleures inspirations pour la d\u00e9coration de votre jardin : id\u00e9es, styles et astuces pour cr\u00e9er un ext\u00e9rieur unique et accueillant.\" \/>\n<meta property=\"og:url\" content=\"https:\/\/jardingue.org\/blog\/a-la-une\/meilleures-inspirations-pour-la-decoration-de-votre-jardin\/\" \/>\n<meta property=\"og:site_name\" content=\"Jardingue\" \/>\n<meta property=\"og:image\" content=\"https:\/\/jardingue.org\/blog\/wp-content\/uploads\/2025\/07\/sdxl-49381d47210a06dfad31dc9016355e8b-scaled.png\" \/>\n\t<meta property=\"og:image:width\" content=\"1200\" \/>\n\t<meta property=\"og:image:height\" content=\"500\" \/>\n\t<meta property=\"og:image:type\" content=\"image\/png\" \/>\n<meta name=\"author\" content=\"Julien Prigent\" \/>\n<meta name=\"twitter:card\" content=\"summary_large_image\" \/>\n<script type=\"application\/ld+json\" class=\"yoast-schema-graph\">{\"@context\":\"https:\/\/schema.org\",\"@graph\":[{\"@type\":\"NewsArticle\",\"@id\":\"https:\/\/jardingue.org\/blog\/a-la-une\/meilleures-inspirations-pour-la-decoration-de-votre-jardin\/#article\",\"isPartOf\":{\"@id\":\"https:\/\/jardingue.org\/blog\/a-la-une\/meilleures-inspirations-pour-la-decoration-de-votre-jardin\/\"},\"author\":{\"name\":\"Julien Prigent\",\"@id\":\"https:\/\/jardingue.org\/blog\/#\/schema\/person\/3c864cdc320801e3db34b663e7e3f816\"},\"headline\":\"Meilleures inspirations pour la d\u00e9coration de votre jardin\",\"datePublished\":\"2025-07-27T12:48:53+00:00\",\"mainEntityOfPage\":{\"@id\":\"https:\/\/jardingue.org\/blog\/a-la-une\/meilleures-inspirations-pour-la-decoration-de-votre-jardin\/\"},\"wordCount\":1588,\"commentCount\":0,\"publisher\":{\"@id\":\"https:\/\/jardingue.org\/blog\/#organization\"},\"image\":{\"@id\":\"https:\/\/jardingue.org\/blog\/a-la-une\/meilleures-inspirations-pour-la-decoration-de-votre-jardin\/#primaryimage\"},\"thumbnailUrl\":\"https:\/\/jardingue.org\/blog\/wp-content\/uploads\/2025\/07\/sdxl-49381d47210a06dfad31dc9016355e8b-scaled.png\",\"articleSection\":[\"\u00c0 la une\"],\"inLanguage\":\"fr-FR\",\"potentialAction\":[{\"@type\":\"CommentAction\",\"name\":\"Comment\",\"target\":[\"https:\/\/jardingue.org\/blog\/a-la-une\/meilleures-inspirations-pour-la-decoration-de-votre-jardin\/#respond\"]}]},{\"@type\":\"WebPage\",\"@id\":\"https:\/\/jardingue.org\/blog\/a-la-une\/meilleures-inspirations-pour-la-decoration-de-votre-jardin\/\",\"url\":\"https:\/\/jardingue.org\/blog\/a-la-une\/meilleures-inspirations-pour-la-decoration-de-votre-jardin\/\",\"name\":\"Meilleures inspirations pour la d\u00e9coration de votre jardin\",\"isPartOf\":{\"@id\":\"https:\/\/jardingue.org\/blog\/#website\"},\"primaryImageOfPage\":{\"@id\":\"https:\/\/jardingue.org\/blog\/a-la-une\/meilleures-inspirations-pour-la-decoration-de-votre-jardin\/#primaryimage\"},\"image\":{\"@id\":\"https:\/\/jardingue.org\/blog\/a-la-une\/meilleures-inspirations-pour-la-decoration-de-votre-jardin\/#primaryimage\"},\"thumbnailUrl\":\"https:\/\/jardingue.org\/blog\/wp-content\/uploads\/2025\/07\/sdxl-49381d47210a06dfad31dc9016355e8b-scaled.png\",\"datePublished\":\"2025-07-27T12:48:53+00:00\",\"description\":\"Nos meilleures inspirations pour la d\u00e9coration de votre jardin : id\u00e9es, styles et astuces pour cr\u00e9er un ext\u00e9rieur unique et accueillant.\",\"inLanguage\":\"fr-FR\",\"potentialAction\":[{\"@type\":\"ReadAction\",\"target\":[\"https:\/\/jardingue.org\/blog\/a-la-une\/meilleures-inspirations-pour-la-decoration-de-votre-jardin\/\"]}]},{\"@type\":\"ImageObject\",\"inLanguage\":\"fr-FR\",\"@id\":\"https:\/\/jardingue.org\/blog\/a-la-une\/meilleures-inspirations-pour-la-decoration-de-votre-jardin\/#primaryimage\",\"url\":\"https:\/\/jardingue.org\/blog\/wp-content\/uploads\/2025\/07\/sdxl-49381d47210a06dfad31dc9016355e8b-scaled.png\",\"contentUrl\":\"https:\/\/jardingue.org\/blog\/wp-content\/uploads\/2025\/07\/sdxl-49381d47210a06dfad31dc9016355e8b-scaled.png\",\"width\":1200,\"height\":500},{\"@type\":\"WebSite\",\"@id\":\"https:\/\/jardingue.org\/blog\/#website\",\"url\":\"https:\/\/jardingue.org\/blog\/\",\"name\":\"jardingue.org\",\"description\":\"Un jardin, une aventure.\",\"publisher\":{\"@id\":\"https:\/\/jardingue.org\/blog\/#organization\"},\"alternateName\":\"Un jardin, une aventure.\",\"potentialAction\":[{\"@type\":\"SearchAction\",\"target\":{\"@type\":\"EntryPoint\",\"urlTemplate\":\"https:\/\/jardingue.org\/blog\/?s={search_term_string}\"},\"query-input\":{\"@type\":\"PropertyValueSpecification\",\"valueRequired\":true,\"valueName\":\"search_term_string\"}}],\"inLanguage\":\"fr-FR\"},{\"@type\":\"Organization\",\"@id\":\"https:\/\/jardingue.org\/blog\/#organization\",\"name\":\"Foretsensations.fr\",\"url\":\"https:\/\/jardingue.org\/blog\/\",\"logo\":{\"@type\":\"ImageObject\",\"inLanguage\":\"fr-FR\",\"@id\":\"https:\/\/jardingue.org\/blog\/#\/schema\/logo\/image\/\",\"url\":\"https:\/\/jardingue.org\/blog\/wp-content\/uploads\/2024\/12\/11.png\",\"contentUrl\":\"https:\/\/jardingue.org\/blog\/wp-content\/uploads\/2024\/12\/11.png\",\"width\":500,\"height\":500,\"caption\":\"Foretsensations.fr\"},\"image\":{\"@id\":\"https:\/\/jardingue.org\/blog\/#\/schema\/logo\/image\/\"}},{\"@type\":\"Person\",\"@id\":\"https:\/\/jardingue.org\/blog\/#\/schema\/person\/3c864cdc320801e3db34b663e7e3f816\",\"name\":\"Julien Prigent\",\"image\":{\"@type\":\"ImageObject\",\"inLanguage\":\"fr-FR\",\"@id\":\"https:\/\/jardingue.org\/blog\/#\/schema\/person\/image\/\",\"url\":\"https:\/\/jardingue.org\/blog\/wp-content\/uploads\/2026\/06\/persona_julien-p-96x96.jpg\",\"contentUrl\":\"https:\/\/jardingue.org\/blog\/wp-content\/uploads\/2026\/06\/persona_julien-p-96x96.jpg\",\"caption\":\"Julien Prigent\"},\"description\":\"Bricoleur et jardinier dans l'\u00e2me, j'\u00e9cris sur la maison et ses ext\u00e9rieurs avec les mains dans le cambouis plus que dans les th\u00e9ories. Mon terrain couvre tout l'habitat : le potager et le jardin au fil des saisons, mais aussi les petits travaux, la r\u00e9novation, le bricolage et les m\u00e9tiers du b\u00e2timent \u2014 toiture, isolation, menuiserie, serrurerie, ma\u00e7onnerie. J'aime expliquer un geste technique simplement, donner des fourchettes de prix r\u00e9alistes et les bons crit\u00e8res pour choisir un mat\u00e9riau ou un artisan. Je teste ce que je peux sur mes propres chantiers et au jardin avant d'en parler, je distingue la tradition de ce que confirme l'observation, et je pr\u00e9cise toujours le contexte \u2014 climat, type de sol, configuration du logement \u2014 parce qu'un m\u00eame conseil ne vaut pas partout. Mon but : rendre l'entretien et l'am\u00e9lioration de la maison accessibles, durables et \u00e9conomes.\",\"sameAs\":[\"https:\/\/julienprigent.fr\/\"],\"url\":\"https:\/\/jardingue.org\/blog\/auteur\/noname\/\"}]}<\/script>\n<!-- \/ Yoast SEO Premium plugin. -->","yoast_head_json":{"title":"Meilleures inspirations pour la d\u00e9coration de votre jardin","description":"Nos meilleures inspirations pour la d\u00e9coration de votre jardin : id\u00e9es, styles et astuces pour cr\u00e9er un ext\u00e9rieur unique et accueillant.","robots":{"index":"index","follow":"follow","max-snippet":"max-snippet:-1","max-image-preview":"max-image-preview:large","max-video-preview":"max-video-preview:-1"},"canonical":"https:\/\/jardingue.org\/blog\/a-la-une\/meilleures-inspirations-pour-la-decoration-de-votre-jardin\/","og_locale":"fr_FR","og_type":"article","og_title":"Meilleures inspirations pour la d\u00e9coration de votre jardin","og_description":"Nos meilleures inspirations pour la d\u00e9coration de votre jardin : id\u00e9es, styles et astuces pour cr\u00e9er un ext\u00e9rieur unique et accueillant.","og_url":"https:\/\/jardingue.org\/blog\/a-la-une\/meilleures-inspirations-pour-la-decoration-de-votre-jardin\/","og_site_name":"Jardingue","og_image":[{"width":1200,"height":500,"url":"https:\/\/jardingue.org\/blog\/wp-content\/uploads\/2025\/07\/sdxl-49381d47210a06dfad31dc9016355e8b-scaled.png","type":"image\/png"}],"author":"Julien Prigent","twitter_card":"summary_large_image","schema":{"@context":"https:\/\/schema.org","@graph":[{"@type":"NewsArticle","@id":"https:\/\/jardingue.org\/blog\/a-la-une\/meilleures-inspirations-pour-la-decoration-de-votre-jardin\/#article","isPartOf":{"@id":"https:\/\/jardingue.org\/blog\/a-la-une\/meilleures-inspirations-pour-la-decoration-de-votre-jardin\/"},"author":{"name":"Julien Prigent","@id":"https:\/\/jardingue.org\/blog\/#\/schema\/person\/3c864cdc320801e3db34b663e7e3f816"},"headline":"Meilleures inspirations pour la d\u00e9coration de votre jardin","datePublished":"2025-07-27T12:48:53+00:00","mainEntityOfPage":{"@id":"https:\/\/jardingue.org\/blog\/a-la-une\/meilleures-inspirations-pour-la-decoration-de-votre-jardin\/"},"wordCount":1588,"commentCount":0,"publisher":{"@id":"https:\/\/jardingue.org\/blog\/#organization"},"image":{"@id":"https:\/\/jardingue.org\/blog\/a-la-une\/meilleures-inspirations-pour-la-decoration-de-votre-jardin\/#primaryimage"},"thumbnailUrl":"https:\/\/jardingue.org\/blog\/wp-content\/uploads\/2025\/07\/sdxl-49381d47210a06dfad31dc9016355e8b-scaled.png","articleSection":["\u00c0 la une"],"inLanguage":"fr-FR","potentialAction":[{"@type":"CommentAction","name":"Comment","target":["https:\/\/jardingue.org\/blog\/a-la-une\/meilleures-inspirations-pour-la-decoration-de-votre-jardin\/#respond"]}]},{"@type":"WebPage","@id":"https:\/\/jardingue.org\/blog\/a-la-une\/meilleures-inspirations-pour-la-decoration-de-votre-jardin\/","url":"https:\/\/jardingue.org\/blog\/a-la-une\/meilleures-inspirations-pour-la-decoration-de-votre-jardin\/","name":"Meilleures inspirations pour la d\u00e9coration de votre jardin","isPartOf":{"@id":"https:\/\/jardingue.org\/blog\/#website"},"primaryImageOfPage":{"@id":"https:\/\/jardingue.org\/blog\/a-la-une\/meilleures-inspirations-pour-la-decoration-de-votre-jardin\/#primaryimage"},"image":{"@id":"https:\/\/jardingue.org\/blog\/a-la-une\/meilleures-inspirations-pour-la-decoration-de-votre-jardin\/#primaryimage"},"thumbnailUrl":"https:\/\/jardingue.org\/blog\/wp-content\/uploads\/2025\/07\/sdxl-49381d47210a06dfad31dc9016355e8b-scaled.png","datePublished":"2025-07-27T12:48:53+00:00","description":"Nos meilleures inspirations pour la d\u00e9coration de votre jardin : id\u00e9es, styles et astuces pour cr\u00e9er un ext\u00e9rieur unique et accueillant.","inLanguage":"fr-FR","potentialAction":[{"@type":"ReadAction","target":["https:\/\/jardingue.org\/blog\/a-la-une\/meilleures-inspirations-pour-la-decoration-de-votre-jardin\/"]}]},{"@type":"ImageObject","inLanguage":"fr-FR","@id":"https:\/\/jardingue.org\/blog\/a-la-une\/meilleures-inspirations-pour-la-decoration-de-votre-jardin\/#primaryimage","url":"https:\/\/jardingue.org\/blog\/wp-content\/uploads\/2025\/07\/sdxl-49381d47210a06dfad31dc9016355e8b-scaled.png","contentUrl":"https:\/\/jardingue.org\/blog\/wp-content\/uploads\/2025\/07\/sdxl-49381d47210a06dfad31dc9016355e8b-scaled.png","width":1200,"height":500},{"@type":"WebSite","@id":"https:\/\/jardingue.org\/blog\/#website","url":"https:\/\/jardingue.org\/blog\/","name":"jardingue.org","description":"Un jardin, une aventure.","publisher":{"@id":"https:\/\/jardingue.org\/blog\/#organization"},"alternateName":"Un jardin, une aventure.","potentialAction":[{"@type":"SearchAction","target":{"@type":"EntryPoint","urlTemplate":"https:\/\/jardingue.org\/blog\/?s={search_term_string}"},"query-input":{"@type":"PropertyValueSpecification","valueRequired":true,"valueName":"search_term_string"}}],"inLanguage":"fr-FR"},{"@type":"Organization","@id":"https:\/\/jardingue.org\/blog\/#organization","name":"Foretsensations.fr","url":"https:\/\/jardingue.org\/blog\/","logo":{"@type":"ImageObject","inLanguage":"fr-FR","@id":"https:\/\/jardingue.org\/blog\/#\/schema\/logo\/image\/","url":"https:\/\/jardingue.org\/blog\/wp-content\/uploads\/2024\/12\/11.png","contentUrl":"https:\/\/jardingue.org\/blog\/wp-content\/uploads\/2024\/12\/11.png","width":500,"height":500,"caption":"Foretsensations.fr"},"image":{"@id":"https:\/\/jardingue.org\/blog\/#\/schema\/logo\/image\/"}},{"@type":"Person","@id":"https:\/\/jardingue.org\/blog\/#\/schema\/person\/3c864cdc320801e3db34b663e7e3f816","name":"Julien Prigent","image":{"@type":"ImageObject","inLanguage":"fr-FR","@id":"https:\/\/jardingue.org\/blog\/#\/schema\/person\/image\/","url":"https:\/\/jardingue.org\/blog\/wp-content\/uploads\/2026\/06\/persona_julien-p-96x96.jpg","contentUrl":"https:\/\/jardingue.org\/blog\/wp-content\/uploads\/2026\/06\/persona_julien-p-96x96.jpg","caption":"Julien Prigent"},"description":"Bricoleur et jardinier dans l'\u00e2me, j'\u00e9cris sur la maison et ses ext\u00e9rieurs avec les mains dans le cambouis plus que dans les th\u00e9ories. Mon terrain couvre tout l'habitat : le potager et le jardin au fil des saisons, mais aussi les petits travaux, la r\u00e9novation, le bricolage et les m\u00e9tiers du b\u00e2timent \u2014 toiture, isolation, menuiserie, serrurerie, ma\u00e7onnerie. J'aime expliquer un geste technique simplement, donner des fourchettes de prix r\u00e9alistes et les bons crit\u00e8res pour choisir un mat\u00e9riau ou un artisan. Je teste ce que je peux sur mes propres chantiers et au jardin avant d'en parler, je distingue la tradition de ce que confirme l'observation, et je pr\u00e9cise toujours le contexte \u2014 climat, type de sol, configuration du logement \u2014 parce qu'un m\u00eame conseil ne vaut pas partout. Mon but : rendre l'entretien et l'am\u00e9lioration de la maison accessibles, durables et \u00e9conomes.","sameAs":["https:\/\/julienprigent.fr\/"],"url":"https:\/\/jardingue.org\/blog\/auteur\/noname\/"}]}},"_links":{"self":[{"href":"https:\/\/jardingue.org\/blog\/wp-json\/wp\/v2\/posts\/7698","targetHints":{"allow":["GET"]}}],"collection":[{"href":"https:\/\/jardingue.org\/blog\/wp-json\/wp\/v2\/posts"}],"about":[{"href":"https:\/\/jardingue.org\/blog\/wp-json\/wp\/v2\/types\/post"}],"author":[{"embeddable":true,"href":"https:\/\/jardingue.org\/blog\/wp-json\/wp\/v2\/users\/34"}],"replies":[{"embeddable":true,"href":"https:\/\/jardingue.org\/blog\/wp-json\/wp\/v2\/comments?post=7698"}],"version-history":[{"count":1,"href":"https:\/\/jardingue.org\/blog\/wp-json\/wp\/v2\/posts\/7698\/revisions"}],"predecessor-version":[{"id":7699,"href":"https:\/\/jardingue.org\/blog\/wp-json\/wp\/v2\/posts\/7698\/revisions\/7699"}],"wp:featuredmedia":[{"embeddable":true,"href":"https:\/\/jardingue.org\/blog\/wp-json\/wp\/v2\/media\/7700"}],"wp:attachment":[{"href":"https:\/\/jardingue.org\/blog\/wp-json\/wp\/v2\/media?parent=7698"}],"wp:term":[{"taxonomy":"category","embeddable":true,"href":"https:\/\/jardingue.org\/blog\/wp-json\/wp\/v2\/categories?post=7698"},{"taxonomy":"post_tag","embeddable":true,"href":"https:\/\/jardingue.org\/blog\/wp-json\/wp\/v2\/tags?post=7698"}],"curies":[{"name":"wp","href":"https:\/\/api.w.org\/{rel}","templated":true}]}}